{"id":671,"date":"2025-10-01T19:43:08","date_gmt":"2025-10-01T19:43:08","guid":{"rendered":"https:\/\/wordpress.p698472.webspaceconfig.de\/?p=671"},"modified":"2025-10-04T19:41:28","modified_gmt":"2025-10-04T19:41:28","slug":"risiken-bei-hinausschieben-des-beendigungszeitpunktes-des-arbeitsverhaeltnisses-im-zusammenhang-mit-dem-erreichen-der-regelaltersgrenze","status":"publish","type":"post","link":"https:\/\/www.advokat.de\/en\/risiken-bei-hinausschieben-des-beendigungszeitpunktes-des-arbeitsverhaeltnisses-im-zusammenhang-mit-dem-erreichen-der-regelaltersgrenze\/","title":{"rendered":"Risks associated with postponing the termination date of employment in connection with reaching the standard retirement age"},"content":{"rendered":"<p>It is common for parties to an employment contract to agree that the contract will end no later than when the employee reaches the standard retirement age. If employers and employees wish to extend the contract term before the employment relationship ends due to reaching the standard retirement age, the termination date can be postponed, potentially multiple times, according to Section 41 Sentence 3 of the German Social Code, Book VI (SGB VI). It was previously unclear whether other substantive terms of the employment relationship (e.g., remuneration, working hours) could be changed simultaneously with such a fixed-term extension. Some legal scholars argue that such a change renders the fixed-term clause invalid. The Kiel Regional Labor Court followed this legal opinion in a decision dated October 14, 2021 (Case No. 4 Sa 342 \u00f6D\/20).<\/p>\n\n\n\n<p>Dem Urteil lag folgender Fall zugrunde: Die Parteien des Rechtsstreits hatten urspr\u00fcnglich vereinbart, dass ihr Arbeitsverh\u00e4ltnis enden sollte, wenn der Arbeitnehmer eine abschlagsfreie Regelaltersrente beanspruchen kann. Dieses Regelrentenalter erreichte der Arbeitnehmer im April 2018. Bereits im November des Vorjahres vereinbarten die Parteien, den Beendigungszeitpunkt gem\u00e4\u00df \u00a7&nbsp;41 Satz&nbsp;3 SGB VI auf den April 2019 zu verschieben. Im September 2018 einigte man sich auf ein Verschieben um ein weiteres Jahr bis zum April 2020. Im Rahmen dieser Vereinbarung regelten die Parteien gleichzeitig, dass ab dem Mai 2019 die Arbeitszeit des Arbeitnehmers reduziert werden sollte.<\/p>\n\n\n\n<p>Das Arbeitsgericht Kiel hatte die Klage auf Feststellung, dass das Arbeitsverh\u00e4ltnis durch die vereinbarte Befristung i.S.v. \u00a7&nbsp;41 Satz&nbsp;3 SGB VI nicht zum April 2018 geendet hat, als unbegr\u00fcndet abgewiesen; das Landesarbeitsgericht Kiel hat der Berufung des Arbeitnehmers hingegen stattgegeben. Nach Ansicht des Gerichts endete das Arbeitsverh\u00e4ltnis nicht aufgrund der Vereinbarung vom September 2018 mit Ablauf des April 2020. Die beklagte Arbeitgeberin k\u00f6nne sich nicht auf \u00a7&nbsp;41 Satz&nbsp;3 SGB VI berufen, da die Parteien nicht nur den Beendigungszeitraum hinausgeschoben, sondern auch den Inhalt des Arbeitsvertrages zeitgleich ver\u00e4ndert h\u00e4tten. Von einem (ggf. auch mehrfachen)&nbsp;<strong>Verschieben des Beendigungszeitpunkts des Arbeitsverh\u00e4ltnisses im Sinne des Gesetzes k\u00f6nne allerdings nur dann ausgegangen werden, wenn der sonstige Vertragsinhalt unver\u00e4ndert bleibe.<\/strong><\/p>\n\n\n\n<p><strong>Kontext der Entscheidung<\/strong><\/p>\n\n\n\n<p>Das Landesarbeitsgericht Kiel hat sich in dem besprochenen Urteil grunds\u00e4tzlich&nbsp;<strong>gegen die Zul\u00e4ssigkeit der gleichzeitigen \u00c4nderung der Arbeitsbedingungen zusammen mit dem Hinausschieben des Beendigungszeitpunkts ausgesprochen<\/strong>.&nbsp;<strong>Einer anderen Auffassung folgt hingegen das Landesarbeitsgericht Stuttgart<\/strong>.&nbsp;<strong>Wegen der uneinheitlichen Rechtsprechung bleibt in diesem Zusammenhang eine Entscheidung des Bundesarbeitsgerichts abzuwarten<\/strong>.<\/p>\n\n\n\n<p><strong>Tipps f\u00fcr die Praxis:<\/strong><\/p>\n\n\n\n<ul class=\"wp-block-list\">\n<li><strong>Bis auf weiteres ist Arbeitgeber:innen aufgrund der weiterhin bestehenden Rechtsunsicherheit zu raten, bei einem angestrebten Hinausschieben des Beendigungszeitpunkts nach \u00a7\u00a041 Satz\u00a03 SGB VI mit Ausnahme der zu ver\u00e4ndernden Laufzeit des Arbeitsvertrages keine weiteren (inhaltlichen) \u00c4nderungen der Vertragsbedingungen vorzunehmen.<\/strong><\/li>\n\n\n\n<li>Weitere \u00c4nderungen oder Erg\u00e4nzungen des urspr\u00fcnglich abgeschlossenen Arbeitsvertrages sollten in einer\u00a0<strong>gesonderten Vereinbarung<\/strong>\u00a0geregelt werden, die vor oder nach der Vereinbarung zum Hinausschieben des Beendigungszeitpunktes getroffen wird.<\/li>\n\n\n\n<li>Eine rechtssichere Aussage, wieviel Zeit zwischen dem Hinausschieben des Beendigungszeitpunkts und der \u00c4nderung anderer Arbeitsbedingungen liegen muss, l\u00e4sst sich mangels einschl\u00e4giger Rechtsprechung nicht treffen.<\/li>\n\n\n\n<li>Nach au\u00dfen sollte bei Abschluss einer gesonderten Vereinbarung eindeutig erkennbar sein, dass die \u00c4nderungen der Arbeitsbedingungen nicht mit dem Hinausschieben des Beendigungszeitpunktes verkn\u00fcpft sind und der\/die Arbeitnehmer:in bei Vertragsschluss nicht in seiner bzw. ihrer Entscheidungsfreiheit beeintr\u00e4chtigt war.<\/li>\n\n\n\n<li>Zu beachten ist schlie\u00dflich, dass Arbeitgeber:innen bei Existenz eines Betriebsrats bei einer Weiterbesch\u00e4ftigung des\/der Arbeitnehmers\/in \u00fcber die vereinbarte Altersgrenze hinaus die Zustimmung des Betriebsrats gem\u00e4\u00df \u00a7\u00a099 BetrVG einholen m\u00fcssen.<\/li>\n<\/ul>\n\n\n\n<p>Bei individuellen Fragen zu dieser Rechtsprechung und den Auswirkungen im Einzelfall steht Ihnen&nbsp;<a href=\"https:\/\/www.advokat.de\/en\/rechtsanwaelte\/alexander-guenzel\/\">Herr Rechtsanwalt Alexander G\u00fcnzel<\/a>, Fachanwalt f\u00fcr Arbeitsrecht, gern zur Verf\u00fcgung.<\/p>","protected":false},"excerpt":{"rendered":"<p>It is common for parties to an employment contract to agree that the contract will end no later than when the employee reaches the standard retirement age. If employers and employees wish to extend the contract term before the employment relationship ends due to reaching the standard retirement age, the termination date can be postponed, potentially multiple times, according to Section 41 Sentence 3 of the German Social Code, Book VI (SGB VI). It was previously unclear whether other substantive terms of the employment relationship (e.g., remuneration, working hours) could be changed simultaneously with such a fixed-term extension. Some legal scholars argue that such a change renders the fixed-term clause invalid. The Kiel Regional Labor Court followed this legal opinion in a decision dated October 14, 2021 (Case No. 4 Sa 342 \u00f6D\/20).<\/p>","protected":false},"author":5,"featured_media":672,"comment_status":"open","ping_status":"open","sticky":false,"template":"","format":"standard","meta":{"_acf_changed":false,"footnotes":""},"categories":[27,1],"tags":[],"class_list":["post-671","post","type-post","status-publish","format-standard","has-post-thumbnail","hentry","category-arbeitsrecht","category-uncategorized"],"acf":[],"_links":{"self":[{"href":"https:\/\/www.advokat.de\/en\/wp-json\/wp\/v2\/posts\/671","targetHints":{"allow":["GET"]}}],"collection":[{"href":"https:\/\/www.advokat.de\/en\/wp-json\/wp\/v2\/posts"}],"about":[{"href":"https:\/\/www.advokat.de\/en\/wp-json\/wp\/v2\/types\/post"}],"author":[{"embeddable":true,"href":"https:\/\/www.advokat.de\/en\/wp-json\/wp\/v2\/users\/5"}],"replies":[{"embeddable":true,"href":"https:\/\/www.advokat.de\/en\/wp-json\/wp\/v2\/comments?post=671"}],"version-history":[{"count":2,"href":"https:\/\/www.advokat.de\/en\/wp-json\/wp\/v2\/posts\/671\/revisions"}],"predecessor-version":[{"id":723,"href":"https:\/\/www.advokat.de\/en\/wp-json\/wp\/v2\/posts\/671\/revisions\/723"}],"wp:featuredmedia":[{"embeddable":true,"href":"https:\/\/www.advokat.de\/en\/wp-json\/wp\/v2\/media\/672"}],"wp:attachment":[{"href":"https:\/\/www.advokat.de\/en\/wp-json\/wp\/v2\/media?parent=671"}],"wp:term":[{"taxonomy":"category","embeddable":true,"href":"https:\/\/www.advokat.de\/en\/wp-json\/wp\/v2\/categories?post=671"},{"taxonomy":"post_tag","embeddable":true,"href":"https:\/\/www.advokat.de\/en\/wp-json\/wp\/v2\/tags?post=671"}],"curies":[{"name":"wp","href":"https:\/\/api.w.org\/{rel}","templated":true}]}}